{"id":5655,"date":"2014-02-23T21:22:00","date_gmt":"2014-02-23T20:22:00","guid":{"rendered":"https:\/\/www.amicsquartmon.org\/2014\/02\/23\/contra-el-desalojo-de-13-familias\/"},"modified":"2014-02-23T21:22:00","modified_gmt":"2014-02-23T20:22:00","slug":"contra-el-desalojo-de-13-familias","status":"publish","type":"post","link":"https:\/\/www.amicsquartmon.org\/es\/contra-el-desalojo-de-13-familias\/","title":{"rendered":"Contra el desalojo de 13 familias"},"content":{"rendered":"<div style=\"clear: both; text-align: center;\"><a href=\"http:\/\/2.bp.blogspot.com\/-wR5LpyPfO9o\/UwpmdLiTQFI\/AAAAAAAAADE\/Js8pks9YhPo\/s1600\/20anysalcarrer_edit.jpg\" style=\"clear: left; float: left; margin-bottom: 1em; margin-right: 1em;\"><img decoding=\"async\" border=\"0\" src=\"http:\/\/2.bp.blogspot.com\/-wR5LpyPfO9o\/UwpmdLiTQFI\/AAAAAAAAADE\/Js8pks9YhPo\/s1600\/20anysalcarrer_edit.jpg\" height=\"137\" width=\"320\"><\/a><\/div>\n<p><b>D\u00eda: Lunes 24 de febrero<\/b><br \/><b>Hora: 11h<\/b><br \/><b>Lugar: Plaza Sant Jaume de Barcelona<\/b><\/p>\n<p>La asociaci\u00f3n Amics del Moviment Quart M\u00f3n convoca el pr\u00f3ximo<b> lunes 24 de febrero una concentraci\u00f3n a favor de 13 familias que viven en rulots, camiones y barracas en Poblenou y que el martes 25 de febrero podr\u00edan ser desalojadas del asentamiento donde viven<\/b>.<br \/>\nEstas mismas familias fueron v\u00edctimas durante la madrugada del pasado 19 de febrero de un incendio que dej\u00f3 sin nada a dos de las familias. <\/p>\n<p>Debido al incendio en el asentamiento, que sucedi\u00f3 de manera accidental, las familias podr\u00edan ser desalojadas si el cuerpo del Bomberos dictamina que el espacio no cumple todas las medidas de seguridad pertinentes.<br \/>\nEl posible desalojo<b> afectar\u00eda a m\u00e1s de 50 personas<\/b>, entre adultos y menores de edad.<br \/>\nHasta el momento, y a pesar de la situaci\u00f3n de vulnerabilidad, la administraci\u00f3n no ha ofrecido a las personas afectadas alternativas que miren a medio y largo plazo.  <\/p>\n<p><b>En la concentraci\u00f3n convocada para el lunes tambi\u00e9n participar\u00e1n las familias afectadas, que leer\u00e1n una carta dirigida al alcalde de Barcelona, Xavier Trias<\/b>.<br \/>\nEntre las propuestas que las propias familias hacen a la administraci\u00f3n municipal destacan dos: <\/p>\n<ul>\n<li>por un lado la posibilidad de acceder a pisos de protecci\u00f3n oficial o de renta baja, donde las familias puedan pagar un alquiler adecuado a sus capacidades econ\u00f3micas;&nbsp;<\/li>\n<li>por otro, la posibilidad de vivir en un solar habilitado, pagando los suministros y con seguimiento social, mientras de manera escalonada pueden acceder a viviendas.  <\/li>\n<\/ul>\n<p>Desde Quart M\u00f3n tambi\u00e9n se pide una atenci\u00f3n social que ayude a las dos familias m\u00e1s afectadas por el incendio del pasado 18 de febrero a vivir con dignidad mientras normalizan su situaci\u00f3n, y que se permita a las familias afectadas estar en el asentamiento mientras se encuentra una soluci\u00f3n a la situaci\u00f3n.<\/p>\n<p><b>Recomendaciones de la S\u00edndica de Greuges al Ayuntamiento<\/b><\/p>\n<p>A principios del mes de febrero, la S\u00edndica de Greuges advert\u00eda al Ayuntamiento de Barcelona que estas 13 familias que viven en camiones y caravanas, como otras que hay en Barcelona en la misma situaci\u00f3n, <b>no pueden ser tratadas como itinerantes porque viven en la ciudad desde hace dos d\u00e9cadas<\/b>.<br \/>\nDesde la S\u00edndica de Greuges se valoraba positivamente las mejoras en cuestiones como el acceso a la educaci\u00f3n y la salud pero se advert\u00eda que <b>la atenci\u00f3n social que se ofrece a estas familias debe tener como punto de partida el acceso a una vivienda digna<\/b> y estable. <\/p>\n<p>Actualmente en Barcelona se calcula que hay m\u00e1s de 600 personas viviendo en asentamientos irregulares, seg\u00fan datos de la Red de Atenci\u00f3n a Personas Sin Hogar.<br \/>\nLas 13 familias que pueden ser desalojadas y que el lunes 24 se concentrar\u00e1n en la plaza Sant Jaume forman parte de un colectivo m\u00e1s amplio, formado por unas 90 familias en toda Barcelona.<br \/>\nLa mayor\u00eda de ellas llegaron de Galicia hace 20 a\u00f1os buscando oportunidades de mejora y tienen buena convivencia con el vecindario; sus ni\u00f1os son catalanes y est\u00e1n escolarizados.  <\/p>\n","protected":false},"excerpt":{"rendered":"<p>D\u00eda: Lunes 24 de febreroHora: 11hLugar: Plaza Sant Jaume de Barcelona La asociaci\u00f3n Amics del Moviment Quart M\u00f3n convoca el pr\u00f3ximo lunes 24 de febrero una concentraci\u00f3n a favor de 13 familias que viven en rulots, camiones y barracas en Poblenou y que el martes 25 de febrero podr\u00edan ser desalojadas del asentamiento donde viven. [&hellip;]<\/p>\n","protected":false},"author":1,"featured_media":0,"comment_status":"open","ping_status":"open","sticky":false,"template":"","format":"standard","meta":{"footnotes":""},"categories":[117],"tags":[],"class_list":["post-5655","post","type-post","status-publish","format-standard","hentry","category-sin-categoria-es"],"yoast_head":"<!-- This site is optimized with the Yoast SEO plugin v24.3 - https:\/\/yoast.com\/wordpress\/plugins\/seo\/ -->\n<title>Contra el desalojo de 13 familias - Amics Moviment Quart M\u00f3n<\/title>\n<meta name=\"robots\" content=\"index, follow, max-snippet:-1, max-image-preview:large, max-video-preview:-1\" \/>\n<link rel=\"canonical\" href=\"https:\/\/www.amicsquartmon.org\/es\/contra-el-desalojo-de-13-familias\/\" \/>\n<meta property=\"og:locale\" content=\"es_ES\" \/>\n<meta property=\"og:type\" content=\"article\" \/>\n<meta property=\"og:title\" content=\"Contra el desalojo de 13 familias - Amics Moviment Quart M\u00f3n\" \/>\n<meta property=\"og:description\" content=\"D\u00eda: Lunes 24 de febreroHora: 11hLugar: Plaza Sant Jaume de Barcelona La asociaci\u00f3n Amics del Moviment Quart M\u00f3n convoca el pr\u00f3ximo lunes 24 de febrero una concentraci\u00f3n a favor de 13 familias que viven en rulots, camiones y barracas en Poblenou y que el martes 25 de febrero podr\u00edan ser desalojadas del asentamiento donde viven. [&hellip;]\" \/>\n<meta property=\"og:url\" content=\"https:\/\/www.amicsquartmon.org\/es\/contra-el-desalojo-de-13-familias\/\" \/>\n<meta property=\"og:site_name\" content=\"Amics Moviment Quart M\u00f3n\" \/>\n<meta property=\"article:published_time\" content=\"2014-02-23T20:22:00+00:00\" \/>\n<meta property=\"og:image\" content=\"http:\/\/2.bp.blogspot.com\/-wR5LpyPfO9o\/UwpmdLiTQFI\/AAAAAAAAADE\/Js8pks9YhPo\/s1600\/20anysalcarrer_edit.jpg\" \/>\n<meta name=\"author\" content=\"webmaster1\" \/>\n<meta name=\"twitter:card\" content=\"summary_large_image\" \/>\n<meta name=\"twitter:label1\" content=\"Escrito por\" \/>\n\t<meta name=\"twitter:data1\" content=\"webmaster1\" \/>\n\t<meta name=\"twitter:label2\" content=\"Tiempo de lectura\" \/>\n\t<meta name=\"twitter:data2\" content=\"3 minutos\" \/>\n<script type=\"application\/ld+json\" class=\"yoast-schema-graph\">{\"@context\":\"https:\/\/schema.org\",\"@graph\":[{\"@type\":\"WebPage\",\"@id\":\"https:\/\/www.amicsquartmon.org\/es\/contra-el-desalojo-de-13-familias\/\",\"url\":\"https:\/\/www.amicsquartmon.org\/es\/contra-el-desalojo-de-13-familias\/\",\"name\":\"Contra el desalojo de 13 familias - Amics Moviment Quart M\u00f3n\",\"isPartOf\":{\"@id\":\"https:\/\/www.amicsquartmon.org\/es\/#website\"},\"primaryImageOfPage\":{\"@id\":\"https:\/\/www.amicsquartmon.org\/es\/contra-el-desalojo-de-13-familias\/#primaryimage\"},\"image\":{\"@id\":\"https:\/\/www.amicsquartmon.org\/es\/contra-el-desalojo-de-13-familias\/#primaryimage\"},\"thumbnailUrl\":\"http:\/\/2.bp.blogspot.com\/-wR5LpyPfO9o\/UwpmdLiTQFI\/AAAAAAAAADE\/Js8pks9YhPo\/s1600\/20anysalcarrer_edit.jpg\",\"datePublished\":\"2014-02-23T20:22:00+00:00\",\"dateModified\":\"2014-02-23T20:22:00+00:00\",\"author\":{\"@id\":\"https:\/\/www.amicsquartmon.org\/es\/#\/schema\/person\/790353258c05ede43677e22e8ad0cb02\"},\"breadcrumb\":{\"@id\":\"https:\/\/www.amicsquartmon.org\/es\/contra-el-desalojo-de-13-familias\/#breadcrumb\"},\"inLanguage\":\"es\",\"potentialAction\":[{\"@type\":\"ReadAction\",\"target\":[\"https:\/\/www.amicsquartmon.org\/es\/contra-el-desalojo-de-13-familias\/\"]}]},{\"@type\":\"ImageObject\",\"inLanguage\":\"es\",\"@id\":\"https:\/\/www.amicsquartmon.org\/es\/contra-el-desalojo-de-13-familias\/#primaryimage\",\"url\":\"http:\/\/2.bp.blogspot.com\/-wR5LpyPfO9o\/UwpmdLiTQFI\/AAAAAAAAADE\/Js8pks9YhPo\/s1600\/20anysalcarrer_edit.jpg\",\"contentUrl\":\"http:\/\/2.bp.blogspot.com\/-wR5LpyPfO9o\/UwpmdLiTQFI\/AAAAAAAAADE\/Js8pks9YhPo\/s1600\/20anysalcarrer_edit.jpg\"},{\"@type\":\"BreadcrumbList\",\"@id\":\"https:\/\/www.amicsquartmon.org\/es\/contra-el-desalojo-de-13-familias\/#breadcrumb\",\"itemListElement\":[{\"@type\":\"ListItem\",\"position\":1,\"name\":\"Inici\",\"item\":\"https:\/\/www.amicsquartmon.org\/es\/\"},{\"@type\":\"ListItem\",\"position\":2,\"name\":\"Contra el desalojo de 13 familias\"}]},{\"@type\":\"WebSite\",\"@id\":\"https:\/\/www.amicsquartmon.org\/es\/#website\",\"url\":\"https:\/\/www.amicsquartmon.org\/es\/\",\"name\":\"Amics Moviment Quart M\u00f3n\",\"description\":\"\",\"potentialAction\":[{\"@type\":\"SearchAction\",\"target\":{\"@type\":\"EntryPoint\",\"urlTemplate\":\"https:\/\/www.amicsquartmon.org\/es\/?s={search_term_string}\"},\"query-input\":{\"@type\":\"PropertyValueSpecification\",\"valueRequired\":true,\"valueName\":\"search_term_string\"}}],\"inLanguage\":\"es\"},{\"@type\":\"Person\",\"@id\":\"https:\/\/www.amicsquartmon.org\/es\/#\/schema\/person\/790353258c05ede43677e22e8ad0cb02\",\"name\":\"webmaster1\",\"sameAs\":[\"https:\/\/www.amicsquartmon.org\"],\"url\":\"https:\/\/www.amicsquartmon.org\/es\/author\/webmaster1\/\"}]}<\/script>\n<!-- \/ Yoast SEO plugin. -->","yoast_head_json":{"title":"Contra el desalojo de 13 familias - Amics Moviment Quart M\u00f3n","robots":{"index":"index","follow":"follow","max-snippet":"max-snippet:-1","max-image-preview":"max-image-preview:large","max-video-preview":"max-video-preview:-1"},"canonical":"https:\/\/www.amicsquartmon.org\/es\/contra-el-desalojo-de-13-familias\/","og_locale":"es_ES","og_type":"article","og_title":"Contra el desalojo de 13 familias - Amics Moviment Quart M\u00f3n","og_description":"D\u00eda: Lunes 24 de febreroHora: 11hLugar: Plaza Sant Jaume de Barcelona La asociaci\u00f3n Amics del Moviment Quart M\u00f3n convoca el pr\u00f3ximo lunes 24 de febrero una concentraci\u00f3n a favor de 13 familias que viven en rulots, camiones y barracas en Poblenou y que el martes 25 de febrero podr\u00edan ser desalojadas del asentamiento donde viven. [&hellip;]","og_url":"https:\/\/www.amicsquartmon.org\/es\/contra-el-desalojo-de-13-familias\/","og_site_name":"Amics Moviment Quart M\u00f3n","article_published_time":"2014-02-23T20:22:00+00:00","og_image":[{"url":"http:\/\/2.bp.blogspot.com\/-wR5LpyPfO9o\/UwpmdLiTQFI\/AAAAAAAAADE\/Js8pks9YhPo\/s1600\/20anysalcarrer_edit.jpg","type":"","width":"","height":""}],"author":"webmaster1","twitter_card":"summary_large_image","twitter_misc":{"Escrito por":"webmaster1","Tiempo de lectura":"3 minutos"},"schema":{"@context":"https:\/\/schema.org","@graph":[{"@type":"WebPage","@id":"https:\/\/www.amicsquartmon.org\/es\/contra-el-desalojo-de-13-familias\/","url":"https:\/\/www.amicsquartmon.org\/es\/contra-el-desalojo-de-13-familias\/","name":"Contra el desalojo de 13 familias - Amics Moviment Quart M\u00f3n","isPartOf":{"@id":"https:\/\/www.amicsquartmon.org\/es\/#website"},"primaryImageOfPage":{"@id":"https:\/\/www.amicsquartmon.org\/es\/contra-el-desalojo-de-13-familias\/#primaryimage"},"image":{"@id":"https:\/\/www.amicsquartmon.org\/es\/contra-el-desalojo-de-13-familias\/#primaryimage"},"thumbnailUrl":"http:\/\/2.bp.blogspot.com\/-wR5LpyPfO9o\/UwpmdLiTQFI\/AAAAAAAAADE\/Js8pks9YhPo\/s1600\/20anysalcarrer_edit.jpg","datePublished":"2014-02-23T20:22:00+00:00","dateModified":"2014-02-23T20:22:00+00:00","author":{"@id":"https:\/\/www.amicsquartmon.org\/es\/#\/schema\/person\/790353258c05ede43677e22e8ad0cb02"},"breadcrumb":{"@id":"https:\/\/www.amicsquartmon.org\/es\/contra-el-desalojo-de-13-familias\/#breadcrumb"},"inLanguage":"es","potentialAction":[{"@type":"ReadAction","target":["https:\/\/www.amicsquartmon.org\/es\/contra-el-desalojo-de-13-familias\/"]}]},{"@type":"ImageObject","inLanguage":"es","@id":"https:\/\/www.amicsquartmon.org\/es\/contra-el-desalojo-de-13-familias\/#primaryimage","url":"http:\/\/2.bp.blogspot.com\/-wR5LpyPfO9o\/UwpmdLiTQFI\/AAAAAAAAADE\/Js8pks9YhPo\/s1600\/20anysalcarrer_edit.jpg","contentUrl":"http:\/\/2.bp.blogspot.com\/-wR5LpyPfO9o\/UwpmdLiTQFI\/AAAAAAAAADE\/Js8pks9YhPo\/s1600\/20anysalcarrer_edit.jpg"},{"@type":"BreadcrumbList","@id":"https:\/\/www.amicsquartmon.org\/es\/contra-el-desalojo-de-13-familias\/#breadcrumb","itemListElement":[{"@type":"ListItem","position":1,"name":"Inici","item":"https:\/\/www.amicsquartmon.org\/es\/"},{"@type":"ListItem","position":2,"name":"Contra el desalojo de 13 familias"}]},{"@type":"WebSite","@id":"https:\/\/www.amicsquartmon.org\/es\/#website","url":"https:\/\/www.amicsquartmon.org\/es\/","name":"Amics Moviment Quart M\u00f3n","description":"","potentialAction":[{"@type":"SearchAction","target":{"@type":"EntryPoint","urlTemplate":"https:\/\/www.amicsquartmon.org\/es\/?s={search_term_string}"},"query-input":{"@type":"PropertyValueSpecification","valueRequired":true,"valueName":"search_term_string"}}],"inLanguage":"es"},{"@type":"Person","@id":"https:\/\/www.amicsquartmon.org\/es\/#\/schema\/person\/790353258c05ede43677e22e8ad0cb02","name":"webmaster1","sameAs":["https:\/\/www.amicsquartmon.org"],"url":"https:\/\/www.amicsquartmon.org\/es\/author\/webmaster1\/"}]}},"_links":{"self":[{"href":"https:\/\/www.amicsquartmon.org\/es\/wp-json\/wp\/v2\/posts\/5655","targetHints":{"allow":["GET"]}}],"collection":[{"href":"https:\/\/www.amicsquartmon.org\/es\/wp-json\/wp\/v2\/posts"}],"about":[{"href":"https:\/\/www.amicsquartmon.org\/es\/wp-json\/wp\/v2\/types\/post"}],"author":[{"embeddable":true,"href":"https:\/\/www.amicsquartmon.org\/es\/wp-json\/wp\/v2\/users\/1"}],"replies":[{"embeddable":true,"href":"https:\/\/www.amicsquartmon.org\/es\/wp-json\/wp\/v2\/comments?post=5655"}],"version-history":[{"count":0,"href":"https:\/\/www.amicsquartmon.org\/es\/wp-json\/wp\/v2\/posts\/5655\/revisions"}],"wp:attachment":[{"href":"https:\/\/www.amicsquartmon.org\/es\/wp-json\/wp\/v2\/media?parent=5655"}],"wp:term":[{"taxonomy":"category","embeddable":true,"href":"https:\/\/www.amicsquartmon.org\/es\/wp-json\/wp\/v2\/categories?post=5655"},{"taxonomy":"post_tag","embeddable":true,"href":"https:\/\/www.amicsquartmon.org\/es\/wp-json\/wp\/v2\/tags?post=5655"}],"curies":[{"name":"wp","href":"https:\/\/api.w.org\/{rel}","templated":true}]}}