{"id":5662,"date":"2015-10-02T16:46:00","date_gmt":"2015-10-02T14:46:00","guid":{"rendered":"https:\/\/www.amicsquartmon.org\/2015\/10\/02\/juntos-por-una-infanciaprotegida\/"},"modified":"2015-10-02T16:46:00","modified_gmt":"2015-10-02T14:46:00","slug":"juntos-por-una-infanciaprotegida","status":"publish","type":"post","link":"https:\/\/www.amicsquartmon.org\/es\/juntos-por-una-infanciaprotegida\/","title":{"rendered":"\u00a1Juntos por una #InfanciaProtegida!"},"content":{"rendered":"<p>En Quart M\u00f3n formamos parte de una red a favor de la infancia impulsada por Educo y en la que participamos 52 entidades sociales que, en todo el Estado, trabajamos con ni\u00f1os y j\u00f3venes en situaci\u00f3n de exclusi\u00f3n.<\/p>\n<p>Con motivo del D\u00eda Internacional de la No Violencia (celebrado el 2 de octubre), todas las organizaciones hemos firmado un manifiesto para la promoci\u00f3n de la protecci\u00f3n y el buen trato de la infancia en Espa\u00f1a, que recoge las siguientes necesidades y compromisos:<\/p>\n<ul>\n<li><span lang=\"ca\"><span>Trabajar<\/span> <span>para extender<\/span><span>,<\/span> <span>desde los<\/span> <span>entornos<\/span> <span>m\u00e1s<\/span> <span>cotidianos<\/span> <span>hasta el conjunto de<\/span> <span>la<\/span> <span>sociedad<\/span><span>, la promoci\u00f3n<\/span> de <span>los<\/span> <span>derechos<\/span> <span>de la infancia como<\/span> <span>imperativo<\/span> <span>de justicia<\/span> <span>y<\/span> <span>dignificaci\u00f3n<\/span><span>.<\/span><\/span><\/li>\n<\/ul>\n<ul>\n<li><span lang=\"ca\"><span>Promocionar<\/span> <span>la protecci\u00f3n<\/span> <span>i<\/span> <span>el buen<\/span> <span>trato<\/span> <span>hacia la<\/span> <span>infancia<\/span><span>, lo que significa<\/span> <span>tambi\u00e9n a nivel<\/span> <span>interno<\/span> <span>cambios en la cultura<\/span> <span>organizacional en<\/span> <span>cada una de las<\/span> <span>les<\/span> <span>entidades<\/span><span>.<\/span><\/span><\/li>\n<\/ul>\n<ul>\n<li><span lang=\"ca\"><span>Trabajar<\/span> <span>conjuntamente<\/span> <span>para compartir<\/span> <span>aprendizajes<\/span> <span>y<\/span> <span>buenas pr\u00e1cticas<\/span><span><span>.<\/span><\/span><\/span><\/li>\n<\/ul>\n<ul>\n<li><span lang=\"ca\"><span>Incorporar<\/span> <span>pr\u00e1cticas<\/span> <span>metodol\u00f3gicas<\/span> <span> <span>concretas<\/span> <span>que aseguren que<\/span> <span>las<\/span> <span>entidades<\/span> son <span>espacios<\/span> <span>realmente<\/span> <span>seguros<\/span> <span>para aquellos ni\u00f1os<\/span><span>, ni\u00f1as<\/span> <span>y<\/span> <span>adolescentes que<\/span> necesitan<\/span><span>  apoyo.<\/span><\/span><\/li>\n<\/ul>\n<ul>\n<li><span lang=\"ca\"><span>Dise\u00f1ar<\/span> <span>acciones<\/span> <span>preventivas<\/span> <span>i<\/span> <span>asegurar que<\/span> <span>les<\/span> <span>respuestas<\/span> <span>delante<\/span> <span>situaciones<\/span> <span>de maltrato<\/span> <span>son<\/span> <span>proporcionales<\/span><span>,<\/span> <span>justas<\/span><span>,<\/span> <span>protectoras<\/span> <span>i<\/span> <span>educativas<\/span><span>.<\/span><\/span><\/li>\n<\/ul>\n<ul>\n<li><span lang=\"ca\"><span>Denunciar<\/span> <span>les<\/span> <span>situaciones<\/span> <span>de abuso<\/span> <span>i<\/span> <span>maltrato<\/span> <span>institucional<\/span> <span>que<\/span> <span>se<\/span> <span>generan<\/span> <span>en<\/span> <span>el marco<\/span> <span>legislativo<\/span> <span>i<\/span><span>\/<\/span><span>o<\/span> <span>administrativo<\/span> <span>hacia los<\/span> <span>m\u00e1s<\/span> <span>peque\u00f1os.<\/span><\/span><\/li>\n<\/ul>\n<p><span lang=\"ca\"><span>Os invitamos a <a href=\"http:\/\/www.educo.org\/Educo\/media\/Documentos\/ProteccionInfantil\/manifiesto1.pdf\" target=\"_blank\" rel=\"noopener\">leer todo el manifiesto, aqu\u00ed<\/a>! Entre todos y todas haremos una infancia m\u00e1s protegida!  <\/span><\/span><\/p>\n","protected":false},"excerpt":{"rendered":"<p>En Quart M\u00f3n formamos parte de una red a favor de la infancia impulsada por Educo y en la que participamos 52 entidades sociales que, en todo el Estado, trabajamos con ni\u00f1os y j\u00f3venes en situaci\u00f3n de exclusi\u00f3n. Con motivo del D\u00eda Internacional de la No Violencia (celebrado el 2 de octubre), todas las organizaciones [&hellip;]<\/p>\n","protected":false},"author":1,"featured_media":0,"comment_status":"open","ping_status":"open","sticky":false,"template":"","format":"standard","meta":{"footnotes":""},"categories":[117],"tags":[],"class_list":["post-5662","post","type-post","status-publish","format-standard","hentry","category-sin-categoria-es"],"yoast_head":"<!-- This site is optimized with the Yoast SEO plugin v24.3 - https:\/\/yoast.com\/wordpress\/plugins\/seo\/ -->\n<title>\u00a1Juntos por una #InfanciaProtegida! - Amics Moviment Quart M\u00f3n<\/title>\n<meta name=\"robots\" content=\"index, follow, max-snippet:-1, max-image-preview:large, max-video-preview:-1\" \/>\n<link rel=\"canonical\" href=\"https:\/\/www.amicsquartmon.org\/es\/juntos-por-una-infanciaprotegida\/\" \/>\n<meta property=\"og:locale\" content=\"es_ES\" \/>\n<meta property=\"og:type\" content=\"article\" \/>\n<meta property=\"og:title\" content=\"\u00a1Juntos por una #InfanciaProtegida! - Amics Moviment Quart M\u00f3n\" \/>\n<meta property=\"og:description\" content=\"En Quart M\u00f3n formamos parte de una red a favor de la infancia impulsada por Educo y en la que participamos 52 entidades sociales que, en todo el Estado, trabajamos con ni\u00f1os y j\u00f3venes en situaci\u00f3n de exclusi\u00f3n. Con motivo del D\u00eda Internacional de la No Violencia (celebrado el 2 de octubre), todas las organizaciones [&hellip;]\" \/>\n<meta property=\"og:url\" content=\"https:\/\/www.amicsquartmon.org\/es\/juntos-por-una-infanciaprotegida\/\" \/>\n<meta property=\"og:site_name\" content=\"Amics Moviment Quart M\u00f3n\" \/>\n<meta property=\"article:published_time\" content=\"2015-10-02T14:46:00+00:00\" \/>\n<meta name=\"author\" content=\"webmaster1\" \/>\n<meta name=\"twitter:card\" content=\"summary_large_image\" \/>\n<meta name=\"twitter:label1\" content=\"Escrito por\" \/>\n\t<meta name=\"twitter:data1\" content=\"webmaster1\" \/>\n\t<meta name=\"twitter:label2\" content=\"Tiempo de lectura\" \/>\n\t<meta name=\"twitter:data2\" content=\"1 minuto\" \/>\n<script type=\"application\/ld+json\" class=\"yoast-schema-graph\">{\"@context\":\"https:\/\/schema.org\",\"@graph\":[{\"@type\":\"WebPage\",\"@id\":\"https:\/\/www.amicsquartmon.org\/es\/juntos-por-una-infanciaprotegida\/\",\"url\":\"https:\/\/www.amicsquartmon.org\/es\/juntos-por-una-infanciaprotegida\/\",\"name\":\"\u00a1Juntos por una #InfanciaProtegida! - Amics Moviment Quart M\u00f3n\",\"isPartOf\":{\"@id\":\"https:\/\/www.amicsquartmon.org\/es\/#website\"},\"datePublished\":\"2015-10-02T14:46:00+00:00\",\"dateModified\":\"2015-10-02T14:46:00+00:00\",\"author\":{\"@id\":\"https:\/\/www.amicsquartmon.org\/es\/#\/schema\/person\/790353258c05ede43677e22e8ad0cb02\"},\"breadcrumb\":{\"@id\":\"https:\/\/www.amicsquartmon.org\/es\/juntos-por-una-infanciaprotegida\/#breadcrumb\"},\"inLanguage\":\"es\",\"potentialAction\":[{\"@type\":\"ReadAction\",\"target\":[\"https:\/\/www.amicsquartmon.org\/es\/juntos-por-una-infanciaprotegida\/\"]}]},{\"@type\":\"BreadcrumbList\",\"@id\":\"https:\/\/www.amicsquartmon.org\/es\/juntos-por-una-infanciaprotegida\/#breadcrumb\",\"itemListElement\":[{\"@type\":\"ListItem\",\"position\":1,\"name\":\"Inici\",\"item\":\"https:\/\/www.amicsquartmon.org\/es\/\"},{\"@type\":\"ListItem\",\"position\":2,\"name\":\"\u00a1Juntos por una #InfanciaProtegida!\"}]},{\"@type\":\"WebSite\",\"@id\":\"https:\/\/www.amicsquartmon.org\/es\/#website\",\"url\":\"https:\/\/www.amicsquartmon.org\/es\/\",\"name\":\"Amics Moviment Quart M\u00f3n\",\"description\":\"\",\"potentialAction\":[{\"@type\":\"SearchAction\",\"target\":{\"@type\":\"EntryPoint\",\"urlTemplate\":\"https:\/\/www.amicsquartmon.org\/es\/?s={search_term_string}\"},\"query-input\":{\"@type\":\"PropertyValueSpecification\",\"valueRequired\":true,\"valueName\":\"search_term_string\"}}],\"inLanguage\":\"es\"},{\"@type\":\"Person\",\"@id\":\"https:\/\/www.amicsquartmon.org\/es\/#\/schema\/person\/790353258c05ede43677e22e8ad0cb02\",\"name\":\"webmaster1\",\"sameAs\":[\"https:\/\/www.amicsquartmon.org\"],\"url\":\"https:\/\/www.amicsquartmon.org\/es\/author\/webmaster1\/\"}]}<\/script>\n<!-- \/ Yoast SEO plugin. -->","yoast_head_json":{"title":"\u00a1Juntos por una #InfanciaProtegida! - Amics Moviment Quart M\u00f3n","robots":{"index":"index","follow":"follow","max-snippet":"max-snippet:-1","max-image-preview":"max-image-preview:large","max-video-preview":"max-video-preview:-1"},"canonical":"https:\/\/www.amicsquartmon.org\/es\/juntos-por-una-infanciaprotegida\/","og_locale":"es_ES","og_type":"article","og_title":"\u00a1Juntos por una #InfanciaProtegida! - Amics Moviment Quart M\u00f3n","og_description":"En Quart M\u00f3n formamos parte de una red a favor de la infancia impulsada por Educo y en la que participamos 52 entidades sociales que, en todo el Estado, trabajamos con ni\u00f1os y j\u00f3venes en situaci\u00f3n de exclusi\u00f3n. Con motivo del D\u00eda Internacional de la No Violencia (celebrado el 2 de octubre), todas las organizaciones [&hellip;]","og_url":"https:\/\/www.amicsquartmon.org\/es\/juntos-por-una-infanciaprotegida\/","og_site_name":"Amics Moviment Quart M\u00f3n","article_published_time":"2015-10-02T14:46:00+00:00","author":"webmaster1","twitter_card":"summary_large_image","twitter_misc":{"Escrito por":"webmaster1","Tiempo de lectura":"1 minuto"},"schema":{"@context":"https:\/\/schema.org","@graph":[{"@type":"WebPage","@id":"https:\/\/www.amicsquartmon.org\/es\/juntos-por-una-infanciaprotegida\/","url":"https:\/\/www.amicsquartmon.org\/es\/juntos-por-una-infanciaprotegida\/","name":"\u00a1Juntos por una #InfanciaProtegida! - Amics Moviment Quart M\u00f3n","isPartOf":{"@id":"https:\/\/www.amicsquartmon.org\/es\/#website"},"datePublished":"2015-10-02T14:46:00+00:00","dateModified":"2015-10-02T14:46:00+00:00","author":{"@id":"https:\/\/www.amicsquartmon.org\/es\/#\/schema\/person\/790353258c05ede43677e22e8ad0cb02"},"breadcrumb":{"@id":"https:\/\/www.amicsquartmon.org\/es\/juntos-por-una-infanciaprotegida\/#breadcrumb"},"inLanguage":"es","potentialAction":[{"@type":"ReadAction","target":["https:\/\/www.amicsquartmon.org\/es\/juntos-por-una-infanciaprotegida\/"]}]},{"@type":"BreadcrumbList","@id":"https:\/\/www.amicsquartmon.org\/es\/juntos-por-una-infanciaprotegida\/#breadcrumb","itemListElement":[{"@type":"ListItem","position":1,"name":"Inici","item":"https:\/\/www.amicsquartmon.org\/es\/"},{"@type":"ListItem","position":2,"name":"\u00a1Juntos por una #InfanciaProtegida!"}]},{"@type":"WebSite","@id":"https:\/\/www.amicsquartmon.org\/es\/#website","url":"https:\/\/www.amicsquartmon.org\/es\/","name":"Amics Moviment Quart M\u00f3n","description":"","potentialAction":[{"@type":"SearchAction","target":{"@type":"EntryPoint","urlTemplate":"https:\/\/www.amicsquartmon.org\/es\/?s={search_term_string}"},"query-input":{"@type":"PropertyValueSpecification","valueRequired":true,"valueName":"search_term_string"}}],"inLanguage":"es"},{"@type":"Person","@id":"https:\/\/www.amicsquartmon.org\/es\/#\/schema\/person\/790353258c05ede43677e22e8ad0cb02","name":"webmaster1","sameAs":["https:\/\/www.amicsquartmon.org"],"url":"https:\/\/www.amicsquartmon.org\/es\/author\/webmaster1\/"}]}},"_links":{"self":[{"href":"https:\/\/www.amicsquartmon.org\/es\/wp-json\/wp\/v2\/posts\/5662","targetHints":{"allow":["GET"]}}],"collection":[{"href":"https:\/\/www.amicsquartmon.org\/es\/wp-json\/wp\/v2\/posts"}],"about":[{"href":"https:\/\/www.amicsquartmon.org\/es\/wp-json\/wp\/v2\/types\/post"}],"author":[{"embeddable":true,"href":"https:\/\/www.amicsquartmon.org\/es\/wp-json\/wp\/v2\/users\/1"}],"replies":[{"embeddable":true,"href":"https:\/\/www.amicsquartmon.org\/es\/wp-json\/wp\/v2\/comments?post=5662"}],"version-history":[{"count":0,"href":"https:\/\/www.amicsquartmon.org\/es\/wp-json\/wp\/v2\/posts\/5662\/revisions"}],"wp:attachment":[{"href":"https:\/\/www.amicsquartmon.org\/es\/wp-json\/wp\/v2\/media?parent=5662"}],"wp:term":[{"taxonomy":"category","embeddable":true,"href":"https:\/\/www.amicsquartmon.org\/es\/wp-json\/wp\/v2\/categories?post=5662"},{"taxonomy":"post_tag","embeddable":true,"href":"https:\/\/www.amicsquartmon.org\/es\/wp-json\/wp\/v2\/tags?post=5662"}],"curies":[{"name":"wp","href":"https:\/\/api.w.org\/{rel}","templated":true}]}}