{"id":5721,"date":"2024-02-13T17:56:39","date_gmt":"2024-02-13T16:56:39","guid":{"rendered":"https:\/\/www.amicsquartmon.org\/2024\/02\/13\/hacemos-sensibilizacion-compartiendo-nuestras-experiencias-de-acompanamiento\/"},"modified":"2024-10-08T12:58:57","modified_gmt":"2024-10-08T10:58:57","slug":"hacemos-sensibilizacion-compartiendo-nuestras-experiencias-de-acompanamiento","status":"publish","type":"post","link":"https:\/\/www.amicsquartmon.org\/es\/hacemos-sensibilizacion-compartiendo-nuestras-experiencias-de-acompanamiento\/","title":{"rendered":"Hacemos sensibilizaci\u00f3n compartiendo nuestras experiencias de acompa\u00f1amiento"},"content":{"rendered":"<p><em><strong>Una expos<\/strong><\/em><em><strong>ici\u00f3n fotogr\u00e1fica itinerante, charlas para hablar de las diferentes manifestaciones del sinhogarismo, e incluso un concierto ben\u00e9fico.<br \/>\nExplicamos estos tres ejes de sensibilizaci\u00f3n y visibilizaci\u00f3n de nuestra tarea <\/strong><\/em><\/p>\n<p>Quart M\u00f3n vive desde hace un cuarto de siglo, tiempo suficiente para llegar a miles de personas: familias acompa\u00f1adas, voluntariado que ofrece su tiempo y amistad, personas que reciben la informaci\u00f3n por un conocido o conocida, otros que nos escuchan en la radio o nos ven en una entrevista en la televisi\u00f3n&#8230; Como cierre de estos a\u00f1os, o como inicio de otros 25, hemos trabajado a trav\u00e9s de tres ejes de sensibilizaci\u00f3n: un concierto ben\u00e9fico, la exposici\u00f3n fotogr\u00e1fica itinerante y charlas de concienciaci\u00f3n en centros educativos.<\/p>\n<p><img fetchpriority=\"high\" decoding=\"async\" class=\"aligncenter wp-image-5353\" src=\"https:\/\/www.amicsquartmon.org\/wp-content\/uploads\/2024\/02\/expo-1024x768.png\" alt=\"\" width=\"700\" height=\"525\" srcset=\"https:\/\/www.amicsquartmon.org\/wp-content\/uploads\/2024\/02\/expo-1024x768.png 1024w, https:\/\/www.amicsquartmon.org\/wp-content\/uploads\/2024\/02\/expo-300x225.png 300w, https:\/\/www.amicsquartmon.org\/wp-content\/uploads\/2024\/02\/expo-768x576.png 768w, https:\/\/www.amicsquartmon.org\/wp-content\/uploads\/2024\/02\/expo-1536x1152.png 1536w, https:\/\/www.amicsquartmon.org\/wp-content\/uploads\/2024\/02\/expo-2048x1536.png 2048w\" sizes=\"(max-width: 700px) 100vw, 700px\" \/><\/p>\n<p>El elemento clave y m\u00e1s extenso en tiempo est\u00e1 siendo la <b>muestra fotogr\u00e1fica <\/b><b><i>25 a\u00f1os de memoria asentada.<\/i><\/b> Esta recopilaci\u00f3n de 25 fotos se ha convertido en una exposici\u00f3n itinerante mediante la cual hacemos visible la situaci\u00f3n de las familias que conviven en Barcelona y que son vecinos y vecinas de la ciudad. El recorrido de la exposici\u00f3n fotogr\u00e1fica se inici\u00f3 en un instituto, que abri\u00f3 camino para pasar por centros c\u00edvicos, bibliotecas, otras organizaciones y centros educativos. Cada exposici\u00f3n ha venido acompa\u00f1ada de una inauguraci\u00f3n con un p\u00fablico muy diverso seg\u00fan el espacio: desde ni\u00f1os que la miraban camino a la extraescolar, hasta vecinas del barrio que reconocen las calles donde se situaba alguna de las caravanas. Tambi\u00e9n el alumnado de los centros educativos han podido disfrutar de una peque\u00f1a presentaci\u00f3n de los bloques que se encontrar\u00edan en la exposici\u00f3n; <b>asentamientos, mujeres, educaci\u00f3n y ocio<\/b>. Las paradas de la exposici\u00f3n en 2024 son: <\/p>\n<ul>\n<li aria-level=\"1\">Del 9 de enero al 1 de febrero, en la Biblioteca del barrio de El Clot &#8211; Josep Benet, en la Pl. de les Gl\u00f2ries Catalanes, 37-38<\/li>\n<li aria-level=\"1\">Del 5 de febrero al 1 de marzo, en el Centro de Formaci\u00f3n Profesional Bemen 3 (exclusiva para el alumnado del centro)<\/li>\n<li aria-level=\"1\">Del 4 al 29 de marzo, en el espacio de Educo, un espacio de coworking orientado a la igualdad educativa, en la Calle de Guillem Tell, 47 (exclusiva para la plantilla de la organizaci\u00f3n)<\/li>\n<li aria-level=\"1\">Del 2 al 14 de abril, en el Hotel de Entidades La Paz, Sede de Amigos Quart M\u00f3n y de otras asociaciones de acci\u00f3n social, en la calle de Pere Verg\u00e9s 1 (<span style=\"color: #003366;\"><a style=\"color: #003366;\" href=\"https:\/\/maps.app.goo.gl\/TcPwkcWapenVBcN27\"><span style=\"color: #3366ff;\">mira aqu\u00ed c\u00f3mo llegar<\/span><\/a><\/span>)<\/li>\n<\/ul>\n<p>Por otra parte, las<b> charlas de sensibilizaci\u00f3n <\/b>est\u00e1n siendo fundamentales para la difusi\u00f3n y el acercamiento a realidades que no entran en el imaginario de muchas personas: el sinhogarismo, la vivienda inadecuado o los mecanismos de exclusi\u00f3n. La primera de estas charlas fue posible gracias a la participaci\u00f3n de las alumnas del m\u00e1ster de Educaci\u00f3n Social de la Universidad de Par\u00eds Nanterre, donde conocieron nuestra metodolog\u00eda y la vinculaci\u00f3n con ATD Cuarto Monde. Tambi\u00e9n se realizaron charlas en el Instituto Salvador Segu\u00ed dirigidas al alumnado de Formaci\u00f3n Profesional en diferentes disciplinas como Integraci\u00f3n social, Atenci\u00f3n a personas en situaci\u00f3n de dependencia, Animaci\u00f3n sociocultural o Educaci\u00f3n infantil, entre otras. Durante los pr\u00f3ximos meses, estaremos en el <i>Centro de Formaci\u00f3n Profesional Bemen 3<\/i> y tambi\u00e9n en el <i>Princess Margaret International School. <\/i>El objetivo de estas charlas es explicar al alumnado las diferentes situaciones que encontramos y atendemos as\u00ed como las causas y consecuencias de vivir en situaci\u00f3n de vivienda inadecuado, sea en una nave o en un local. Si est\u00e1s vinculado o vinculada a alg\u00fan centro educativo que se pueda beneficiar de estas charlas, no dudes en contactar con nosotros a trav\u00e9s del correo <a href=\"mailto:info@amicsquartmon.org\">info@amicsquartmon.org<\/a>.<\/p>\n<p><img decoding=\"async\" class=\"aligncenter wp-image-5354\" src=\"https:\/\/www.amicsquartmon.org\/wp-content\/uploads\/2024\/02\/xerrada-instii-1024x768.png\" alt=\"\" width=\"700\" height=\"525\" srcset=\"https:\/\/www.amicsquartmon.org\/wp-content\/uploads\/2024\/02\/xerrada-instii-1024x768.png 1024w, https:\/\/www.amicsquartmon.org\/wp-content\/uploads\/2024\/02\/xerrada-instii-300x225.png 300w, https:\/\/www.amicsquartmon.org\/wp-content\/uploads\/2024\/02\/xerrada-instii-768x576.png 768w, https:\/\/www.amicsquartmon.org\/wp-content\/uploads\/2024\/02\/xerrada-instii-1536x1152.png 1536w, https:\/\/www.amicsquartmon.org\/wp-content\/uploads\/2024\/02\/xerrada-instii-2048x1536.png 2048w\" sizes=\"(max-width: 700px) 100vw, 700px\" \/><\/p>\n<p>Otro eje de visibilizaci\u00f3n fue nuestro <strong>concierto ben\u00e9fico<\/strong>. Lo hicimos dentro del marco del 25\u00ba aniversario de la entidad y fue un \u00e9xito! Este formato nos permiti\u00f3 acoger a 300 personas que pudieron ver en directo el grupo La Banda Records en la Sala Luz de Gas de Barcelona, adem\u00e1s de contribuir a la continuaci\u00f3n del proyecto. Pasamos un muy buen rato con el voluntariado, amigos, amigas, familiares e incluso con personas que no nos conoc\u00edan y tuvieron la oportunidad de hacerlo.   <\/p>\n<p><img decoding=\"async\" class=\"aligncenter wp-image-5358\" src=\"https:\/\/www.amicsquartmon.org\/wp-content\/uploads\/2024\/02\/concert-1-1-1024x887.jpg\" alt=\"\" width=\"700\" height=\"606\"><\/p>\n<p>Estas actividades han sido posibles gracias al apoyo econ\u00f3mico de la <b>Diputaci\u00f3n de Barcelona<\/b> y est\u00e1n enmarcadas en el fondo a favor de entidades sin \u00e1nimo de lucro para conmemoraciones de eventos. As\u00ed es como seguimos luchando para que ninguna familia se quede sin hogar. Mientras tengamos situaciones de sinhogarismo en nuestra ciudad, nuestra tarea contin\u00faa.<\/p>\n<p><img loading=\"lazy\" decoding=\"async\" class=\"alignnone size-medium wp-image-5356\" src=\"https:\/\/www.amicsquartmon.org\/wp-content\/uploads\/2024\/02\/Marca-DB-positiu-horitzontal-300x99.jpg\" alt=\"\" width=\"300\" height=\"99\" srcset=\"https:\/\/www.amicsquartmon.org\/wp-content\/uploads\/2024\/02\/Marca-DB-positiu-horitzontal-300x99.jpg 300w, https:\/\/www.amicsquartmon.org\/wp-content\/uploads\/2024\/02\/Marca-DB-positiu-horitzontal-768x253.jpg 768w, https:\/\/www.amicsquartmon.org\/wp-content\/uploads\/2024\/02\/Marca-DB-positiu-horitzontal.jpg 1025w\" sizes=\"(max-width: 300px) 100vw, 300px\" \/><\/p>\n","protected":false},"excerpt":{"rendered":"<p>Una exposici\u00f3n fotogr\u00e1fica itinerante, charlas para hablar de las diferentes manifestaciones del sinhogarismo, e incluso un concierto ben\u00e9fico. Explicamos estos tres ejes de sensibilizaci\u00f3n y visibilizaci\u00f3n de nuestra tarea Quart M\u00f3n vive desde hace un cuarto de siglo, tiempo suficiente para llegar a miles de personas: familias acompa\u00f1adas, voluntariado que ofrece su tiempo y amistad, [&hellip;]<\/p>\n","protected":false},"author":1,"featured_media":5735,"comment_status":"closed","ping_status":"closed","sticky":false,"template":"","format":"standard","meta":{"footnotes":""},"categories":[117],"tags":[],"class_list":["post-5721","post","type-post","status-publish","format-standard","has-post-thumbnail","hentry","category-sin-categoria-es"],"yoast_head":"<!-- This site is optimized with the Yoast SEO plugin v24.3 - https:\/\/yoast.com\/wordpress\/plugins\/seo\/ -->\n<title>Hacemos sensibilizaci\u00f3n compartiendo nuestras experiencias de acompa\u00f1amiento - Amics Moviment Quart M\u00f3n<\/title>\n<meta name=\"robots\" content=\"index, follow, max-snippet:-1, max-image-preview:large, max-video-preview:-1\" \/>\n<link rel=\"canonical\" href=\"https:\/\/www.amicsquartmon.org\/es\/hacemos-sensibilizacion-compartiendo-nuestras-experiencias-de-acompanamiento\/\" \/>\n<meta property=\"og:locale\" content=\"es_ES\" \/>\n<meta property=\"og:type\" content=\"article\" \/>\n<meta property=\"og:title\" content=\"Hacemos sensibilizaci\u00f3n compartiendo nuestras experiencias de acompa\u00f1amiento - Amics Moviment Quart M\u00f3n\" \/>\n<meta property=\"og:description\" content=\"Una exposici\u00f3n fotogr\u00e1fica itinerante, charlas para hablar de las diferentes manifestaciones del sinhogarismo, e incluso un concierto ben\u00e9fico. Explicamos estos tres ejes de sensibilizaci\u00f3n y visibilizaci\u00f3n de nuestra tarea Quart M\u00f3n vive desde hace un cuarto de siglo, tiempo suficiente para llegar a miles de personas: familias acompa\u00f1adas, voluntariado que ofrece su tiempo y amistad, [&hellip;]\" \/>\n<meta property=\"og:url\" content=\"https:\/\/www.amicsquartmon.org\/es\/hacemos-sensibilizacion-compartiendo-nuestras-experiencias-de-acompanamiento\/\" \/>\n<meta property=\"og:site_name\" content=\"Amics Moviment Quart M\u00f3n\" \/>\n<meta property=\"article:published_time\" content=\"2024-02-13T16:56:39+00:00\" \/>\n<meta property=\"article:modified_time\" content=\"2024-10-08T10:58:57+00:00\" \/>\n<meta property=\"og:image\" content=\"https:\/\/www.amicsquartmon.org\/wp-content\/uploads\/2024\/02\/muntatge-zona-nord-72-1.jpeg\" \/>\n\t<meta property=\"og:image:width\" content=\"1600\" \/>\n\t<meta property=\"og:image:height\" content=\"1197\" \/>\n\t<meta property=\"og:image:type\" content=\"image\/jpeg\" \/>\n<meta name=\"author\" content=\"webmaster1\" \/>\n<meta name=\"twitter:card\" content=\"summary_large_image\" \/>\n<meta name=\"twitter:label1\" content=\"Escrito por\" \/>\n\t<meta name=\"twitter:data1\" content=\"webmaster1\" \/>\n\t<meta name=\"twitter:label2\" content=\"Tiempo de lectura\" \/>\n\t<meta name=\"twitter:data2\" content=\"4 minutos\" \/>\n<script type=\"application\/ld+json\" class=\"yoast-schema-graph\">{\"@context\":\"https:\/\/schema.org\",\"@graph\":[{\"@type\":\"WebPage\",\"@id\":\"https:\/\/www.amicsquartmon.org\/es\/hacemos-sensibilizacion-compartiendo-nuestras-experiencias-de-acompanamiento\/\",\"url\":\"https:\/\/www.amicsquartmon.org\/es\/hacemos-sensibilizacion-compartiendo-nuestras-experiencias-de-acompanamiento\/\",\"name\":\"Hacemos sensibilizaci\u00f3n compartiendo nuestras experiencias de acompa\u00f1amiento - Amics Moviment Quart M\u00f3n\",\"isPartOf\":{\"@id\":\"https:\/\/www.amicsquartmon.org\/es\/#website\"},\"primaryImageOfPage\":{\"@id\":\"https:\/\/www.amicsquartmon.org\/es\/hacemos-sensibilizacion-compartiendo-nuestras-experiencias-de-acompanamiento\/#primaryimage\"},\"image\":{\"@id\":\"https:\/\/www.amicsquartmon.org\/es\/hacemos-sensibilizacion-compartiendo-nuestras-experiencias-de-acompanamiento\/#primaryimage\"},\"thumbnailUrl\":\"https:\/\/www.amicsquartmon.org\/wp-content\/uploads\/2024\/02\/muntatge-zona-nord-72-1.jpeg\",\"datePublished\":\"2024-02-13T16:56:39+00:00\",\"dateModified\":\"2024-10-08T10:58:57+00:00\",\"author\":{\"@id\":\"https:\/\/www.amicsquartmon.org\/es\/#\/schema\/person\/790353258c05ede43677e22e8ad0cb02\"},\"breadcrumb\":{\"@id\":\"https:\/\/www.amicsquartmon.org\/es\/hacemos-sensibilizacion-compartiendo-nuestras-experiencias-de-acompanamiento\/#breadcrumb\"},\"inLanguage\":\"es\",\"potentialAction\":[{\"@type\":\"ReadAction\",\"target\":[\"https:\/\/www.amicsquartmon.org\/es\/hacemos-sensibilizacion-compartiendo-nuestras-experiencias-de-acompanamiento\/\"]}]},{\"@type\":\"ImageObject\",\"inLanguage\":\"es\",\"@id\":\"https:\/\/www.amicsquartmon.org\/es\/hacemos-sensibilizacion-compartiendo-nuestras-experiencias-de-acompanamiento\/#primaryimage\",\"url\":\"https:\/\/www.amicsquartmon.org\/wp-content\/uploads\/2024\/02\/muntatge-zona-nord-72-1.jpeg\",\"contentUrl\":\"https:\/\/www.amicsquartmon.org\/wp-content\/uploads\/2024\/02\/muntatge-zona-nord-72-1.jpeg\",\"width\":1600,\"height\":1197},{\"@type\":\"BreadcrumbList\",\"@id\":\"https:\/\/www.amicsquartmon.org\/es\/hacemos-sensibilizacion-compartiendo-nuestras-experiencias-de-acompanamiento\/#breadcrumb\",\"itemListElement\":[{\"@type\":\"ListItem\",\"position\":1,\"name\":\"Inici\",\"item\":\"https:\/\/www.amicsquartmon.org\/es\/\"},{\"@type\":\"ListItem\",\"position\":2,\"name\":\"Hacemos sensibilizaci\u00f3n compartiendo nuestras experiencias de acompa\u00f1amiento\"}]},{\"@type\":\"WebSite\",\"@id\":\"https:\/\/www.amicsquartmon.org\/es\/#website\",\"url\":\"https:\/\/www.amicsquartmon.org\/es\/\",\"name\":\"Amics Moviment Quart M\u00f3n\",\"description\":\"\",\"potentialAction\":[{\"@type\":\"SearchAction\",\"target\":{\"@type\":\"EntryPoint\",\"urlTemplate\":\"https:\/\/www.amicsquartmon.org\/es\/?s={search_term_string}\"},\"query-input\":{\"@type\":\"PropertyValueSpecification\",\"valueRequired\":true,\"valueName\":\"search_term_string\"}}],\"inLanguage\":\"es\"},{\"@type\":\"Person\",\"@id\":\"https:\/\/www.amicsquartmon.org\/es\/#\/schema\/person\/790353258c05ede43677e22e8ad0cb02\",\"name\":\"webmaster1\",\"sameAs\":[\"https:\/\/www.amicsquartmon.org\"],\"url\":\"https:\/\/www.amicsquartmon.org\/es\/author\/webmaster1\/\"}]}<\/script>\n<!-- \/ Yoast SEO plugin. -->","yoast_head_json":{"title":"Hacemos sensibilizaci\u00f3n compartiendo nuestras experiencias de acompa\u00f1amiento - Amics Moviment Quart M\u00f3n","robots":{"index":"index","follow":"follow","max-snippet":"max-snippet:-1","max-image-preview":"max-image-preview:large","max-video-preview":"max-video-preview:-1"},"canonical":"https:\/\/www.amicsquartmon.org\/es\/hacemos-sensibilizacion-compartiendo-nuestras-experiencias-de-acompanamiento\/","og_locale":"es_ES","og_type":"article","og_title":"Hacemos sensibilizaci\u00f3n compartiendo nuestras experiencias de acompa\u00f1amiento - Amics Moviment Quart M\u00f3n","og_description":"Una exposici\u00f3n fotogr\u00e1fica itinerante, charlas para hablar de las diferentes manifestaciones del sinhogarismo, e incluso un concierto ben\u00e9fico. Explicamos estos tres ejes de sensibilizaci\u00f3n y visibilizaci\u00f3n de nuestra tarea Quart M\u00f3n vive desde hace un cuarto de siglo, tiempo suficiente para llegar a miles de personas: familias acompa\u00f1adas, voluntariado que ofrece su tiempo y amistad, [&hellip;]","og_url":"https:\/\/www.amicsquartmon.org\/es\/hacemos-sensibilizacion-compartiendo-nuestras-experiencias-de-acompanamiento\/","og_site_name":"Amics Moviment Quart M\u00f3n","article_published_time":"2024-02-13T16:56:39+00:00","article_modified_time":"2024-10-08T10:58:57+00:00","og_image":[{"width":1600,"height":1197,"url":"https:\/\/www.amicsquartmon.org\/wp-content\/uploads\/2024\/02\/muntatge-zona-nord-72-1.jpeg","type":"image\/jpeg"}],"author":"webmaster1","twitter_card":"summary_large_image","twitter_misc":{"Escrito por":"webmaster1","Tiempo de lectura":"4 minutos"},"schema":{"@context":"https:\/\/schema.org","@graph":[{"@type":"WebPage","@id":"https:\/\/www.amicsquartmon.org\/es\/hacemos-sensibilizacion-compartiendo-nuestras-experiencias-de-acompanamiento\/","url":"https:\/\/www.amicsquartmon.org\/es\/hacemos-sensibilizacion-compartiendo-nuestras-experiencias-de-acompanamiento\/","name":"Hacemos sensibilizaci\u00f3n compartiendo nuestras experiencias de acompa\u00f1amiento - Amics Moviment Quart M\u00f3n","isPartOf":{"@id":"https:\/\/www.amicsquartmon.org\/es\/#website"},"primaryImageOfPage":{"@id":"https:\/\/www.amicsquartmon.org\/es\/hacemos-sensibilizacion-compartiendo-nuestras-experiencias-de-acompanamiento\/#primaryimage"},"image":{"@id":"https:\/\/www.amicsquartmon.org\/es\/hacemos-sensibilizacion-compartiendo-nuestras-experiencias-de-acompanamiento\/#primaryimage"},"thumbnailUrl":"https:\/\/www.amicsquartmon.org\/wp-content\/uploads\/2024\/02\/muntatge-zona-nord-72-1.jpeg","datePublished":"2024-02-13T16:56:39+00:00","dateModified":"2024-10-08T10:58:57+00:00","author":{"@id":"https:\/\/www.amicsquartmon.org\/es\/#\/schema\/person\/790353258c05ede43677e22e8ad0cb02"},"breadcrumb":{"@id":"https:\/\/www.amicsquartmon.org\/es\/hacemos-sensibilizacion-compartiendo-nuestras-experiencias-de-acompanamiento\/#breadcrumb"},"inLanguage":"es","potentialAction":[{"@type":"ReadAction","target":["https:\/\/www.amicsquartmon.org\/es\/hacemos-sensibilizacion-compartiendo-nuestras-experiencias-de-acompanamiento\/"]}]},{"@type":"ImageObject","inLanguage":"es","@id":"https:\/\/www.amicsquartmon.org\/es\/hacemos-sensibilizacion-compartiendo-nuestras-experiencias-de-acompanamiento\/#primaryimage","url":"https:\/\/www.amicsquartmon.org\/wp-content\/uploads\/2024\/02\/muntatge-zona-nord-72-1.jpeg","contentUrl":"https:\/\/www.amicsquartmon.org\/wp-content\/uploads\/2024\/02\/muntatge-zona-nord-72-1.jpeg","width":1600,"height":1197},{"@type":"BreadcrumbList","@id":"https:\/\/www.amicsquartmon.org\/es\/hacemos-sensibilizacion-compartiendo-nuestras-experiencias-de-acompanamiento\/#breadcrumb","itemListElement":[{"@type":"ListItem","position":1,"name":"Inici","item":"https:\/\/www.amicsquartmon.org\/es\/"},{"@type":"ListItem","position":2,"name":"Hacemos sensibilizaci\u00f3n compartiendo nuestras experiencias de acompa\u00f1amiento"}]},{"@type":"WebSite","@id":"https:\/\/www.amicsquartmon.org\/es\/#website","url":"https:\/\/www.amicsquartmon.org\/es\/","name":"Amics Moviment Quart M\u00f3n","description":"","potentialAction":[{"@type":"SearchAction","target":{"@type":"EntryPoint","urlTemplate":"https:\/\/www.amicsquartmon.org\/es\/?s={search_term_string}"},"query-input":{"@type":"PropertyValueSpecification","valueRequired":true,"valueName":"search_term_string"}}],"inLanguage":"es"},{"@type":"Person","@id":"https:\/\/www.amicsquartmon.org\/es\/#\/schema\/person\/790353258c05ede43677e22e8ad0cb02","name":"webmaster1","sameAs":["https:\/\/www.amicsquartmon.org"],"url":"https:\/\/www.amicsquartmon.org\/es\/author\/webmaster1\/"}]}},"_links":{"self":[{"href":"https:\/\/www.amicsquartmon.org\/es\/wp-json\/wp\/v2\/posts\/5721","targetHints":{"allow":["GET"]}}],"collection":[{"href":"https:\/\/www.amicsquartmon.org\/es\/wp-json\/wp\/v2\/posts"}],"about":[{"href":"https:\/\/www.amicsquartmon.org\/es\/wp-json\/wp\/v2\/types\/post"}],"author":[{"embeddable":true,"href":"https:\/\/www.amicsquartmon.org\/es\/wp-json\/wp\/v2\/users\/1"}],"replies":[{"embeddable":true,"href":"https:\/\/www.amicsquartmon.org\/es\/wp-json\/wp\/v2\/comments?post=5721"}],"version-history":[{"count":0,"href":"https:\/\/www.amicsquartmon.org\/es\/wp-json\/wp\/v2\/posts\/5721\/revisions"}],"wp:featuredmedia":[{"embeddable":true,"href":"https:\/\/www.amicsquartmon.org\/es\/wp-json\/wp\/v2\/media\/5735"}],"wp:attachment":[{"href":"https:\/\/www.amicsquartmon.org\/es\/wp-json\/wp\/v2\/media?parent=5721"}],"wp:term":[{"taxonomy":"category","embeddable":true,"href":"https:\/\/www.amicsquartmon.org\/es\/wp-json\/wp\/v2\/categories?post=5721"},{"taxonomy":"post_tag","embeddable":true,"href":"https:\/\/www.amicsquartmon.org\/es\/wp-json\/wp\/v2\/tags?post=5721"}],"curies":[{"name":"wp","href":"https:\/\/api.w.org\/{rel}","templated":true}]}}